{"id":9881,"date":"2020-07-05T18:34:07","date_gmt":"2020-07-05T16:34:07","guid":{"rendered":"https:\/\/www.anamonro.si\/?p=9881"},"modified":"2021-02-08T18:26:10","modified_gmt":"2021-02-08T17:26:10","slug":"festival-ana-desetnica-2020-the-frame-of-summer","status":"publish","type":"post","link":"https:\/\/www.anamonro.si\/en\/festival-ana-desetnica-2020-the-frame-of-summer\/","title":{"rendered":"ANA DESETNICA 2020 &#8211; The Frame of Summer, Part 1!"},"content":{"rendered":"<p><strong><em>Ana<\/em><em> Desetnica 2020 <\/em><\/strong>festival will take place in\u00a0<strong>two parts<\/strong>\u00a0\u2013 at the beginning and at the end of the summer.\u00a0Therefore the slogan\u00a0<strong><em>F<\/em><em>rame of summer<\/em>.<\/strong><\/p>\n<p><strong>Part 1<\/strong>\u00a0(27.6.-4.7.) statistics:\u00a0<strong>7<\/strong>\u00a0towns (Kamnik, Nova Gorica, Ljubljana, Gornja Radgona, Se\u017eana, Kr\u0161ko, Ilirska Bistrica),\u00a0<strong>13<\/strong>\u00a0venues,\u00a0<strong>75\u00a0<\/strong>artists,\u00a0<strong>20\u00a0<\/strong>different performances and\u00a0<strong>38\u00a0<\/strong>events all together.<\/p>\n<p>Inspired by\u00a0<span style=\"text-decoration: underline;\"><em><a href=\"https:\/\/www.anamonro.si\/en\/ana-under-your-window\/\"><strong>Ana under your window<\/strong><\/a><\/em><\/span>\u00a0initiative, which we started during the time of quarantine, in Ljubljana (1.-4.7.) most of the festival programme\u00a0took place in\u00a0<strong>residential neighborhoods<\/strong>.\u00a0But the first day of the festival, we performed it in the city center, where we premiered our new street production, the interactive ecological show\u00a0<span style=\"text-decoration: underline;\"><a href=\"https:\/\/www.anamonro.si\/en\/pillar\/last-catch\/\"><strong><em>Last Catch<\/em><\/strong><\/a><\/span>.<\/p>\n<p><strong>Part 2 <\/strong>will take place in\u00a0<strong>Ljubljana in September (17.-20.9.).\u00a0<\/strong><\/p>\n<p>&nbsp;<\/p>\n<h4><span style=\"text-decoration: underline;\"><strong><a href=\"https:\/\/www.flickr.com\/photos\/anadesetnica\/albums\/72157715081203313\">PHOTOGALLERY<\/a><\/strong><\/span><\/h4>\n<p>&nbsp;<\/p>\n<p>&nbsp;<\/p>\n<p>&nbsp;<\/p>\n","protected":false},"excerpt":{"rendered":"<p>Ana Desetnica 2020 festival will take place in\u00a0two parts\u00a0\u2013 at the beginning and at the end of the summer.\u00a0Therefore the slogan\u00a0Frame of summer. Part 1\u00a0(27.6.-4.7.) statistics:\u00a07\u00a0towns (Kamnik, Nova Gorica, Ljubljana, Gornja Radgona, Se\u017eana, Kr\u0161ko, Ilirska Bistrica),\u00a013\u00a0venues,\u00a075\u00a0artists,\u00a020\u00a0different performances and\u00a038\u00a0events all together. Inspired by\u00a0Ana under your window\u00a0initiative, which we started during the time of quarantine, in Ljubljana &#8230; <\/p>\n","protected":false},"author":2,"featured_media":9289,"comment_status":"closed","ping_status":"closed","sticky":false,"template":"","format":"standard","meta":{"_acf_changed":false,"footnotes":""},"categories":[18],"tags":[],"class_list":["post-9881","post","type-post","status-publish","format-standard","has-post-thumbnail","hentry","category-festivals"],"acf":[],"yoast_head":"<!-- This site is optimized with the Yoast SEO plugin v27.4 - https:\/\/yoast.com\/product\/yoast-seo-wordpress\/ -->\n<title>ANA DESETNICA 2020 - The Frame of Summer, Part 1! - Ana Monro<\/title>\n<meta name=\"description\" content=\"Gledali\u0161\u010de Ane Monro je osrednja uli\u010dno-gledali\u0161ka organizacija v Sloveniji, ki umetnikom nudi rast, krepitev in ne nazadnje tudi zaslu\u017eek.\" \/>\n<meta name=\"robots\" content=\"index, follow, max-snippet:-1, max-image-preview:large, max-video-preview:-1\" \/>\n<link rel=\"canonical\" href=\"https:\/\/www.anamonro.si\/en\/festival-ana-desetnica-2020-the-frame-of-summer\/\" \/>\n<meta property=\"og:locale\" content=\"en_US\" \/>\n<meta property=\"og:type\" content=\"article\" \/>\n<meta property=\"og:title\" content=\"ANA DESETNICA 2020 - The Frame of Summer, Part 1! - Ana Monro\" \/>\n<meta property=\"og:description\" content=\"Gledali\u0161\u010de Ane Monro je osrednja uli\u010dno-gledali\u0161ka organizacija v Sloveniji, ki umetnikom nudi rast, krepitev in ne nazadnje tudi zaslu\u017eek.\" \/>\n<meta property=\"og:url\" content=\"https:\/\/www.anamonro.si\/en\/festival-ana-desetnica-2020-the-frame-of-summer\/\" \/>\n<meta property=\"og:site_name\" content=\"Ana Monro\" \/>\n<meta property=\"article:published_time\" content=\"2020-07-05T16:34:07+00:00\" \/>\n<meta property=\"article:modified_time\" content=\"2021-02-08T17:26:10+00:00\" \/>\n<meta property=\"og:image\" content=\"https:\/\/www.anamonro.si\/wp-content\/uploads\/2020\/07\/foto-10.jpg\" \/>\n\t<meta property=\"og:image:width\" content=\"1500\" \/>\n\t<meta property=\"og:image:height\" content=\"1000\" \/>\n\t<meta property=\"og:image:type\" content=\"image\/jpeg\" \/>\n<meta name=\"author\" content=\"Leja\" \/>\n<meta name=\"twitter:card\" content=\"summary_large_image\" \/>\n<meta name=\"twitter:label1\" content=\"Written by\" \/>\n\t<meta name=\"twitter:data1\" content=\"Leja\" \/>\n\t<meta name=\"twitter:label2\" content=\"Est. reading time\" \/>\n\t<meta name=\"twitter:data2\" content=\"1 minute\" \/>\n<script type=\"application\/ld+json\" class=\"yoast-schema-graph\">{\"@context\":\"https:\\\/\\\/schema.org\",\"@graph\":[{\"@type\":\"Article\",\"@id\":\"https:\\\/\\\/www.anamonro.si\\\/en\\\/festival-ana-desetnica-2020-the-frame-of-summer\\\/#article\",\"isPartOf\":{\"@id\":\"https:\\\/\\\/www.anamonro.si\\\/en\\\/festival-ana-desetnica-2020-the-frame-of-summer\\\/\"},\"author\":{\"name\":\"Leja\",\"@id\":\"https:\\\/\\\/www.anamonro.si\\\/#\\\/schema\\\/person\\\/fc0d2ae1f8f83c1e7293c54e0eb3ce38\"},\"headline\":\"ANA DESETNICA 2020 &#8211; The Frame of Summer, Part 1!\",\"datePublished\":\"2020-07-05T16:34:07+00:00\",\"dateModified\":\"2021-02-08T17:26:10+00:00\",\"mainEntityOfPage\":{\"@id\":\"https:\\\/\\\/www.anamonro.si\\\/en\\\/festival-ana-desetnica-2020-the-frame-of-summer\\\/\"},\"wordCount\":127,\"image\":{\"@id\":\"https:\\\/\\\/www.anamonro.si\\\/en\\\/festival-ana-desetnica-2020-the-frame-of-summer\\\/#primaryimage\"},\"thumbnailUrl\":\"https:\\\/\\\/www.anamonro.si\\\/wp-content\\\/uploads\\\/2020\\\/07\\\/foto-10.jpg\",\"articleSection\":[\"Festivals\"],\"inLanguage\":\"en-US\"},{\"@type\":\"WebPage\",\"@id\":\"https:\\\/\\\/www.anamonro.si\\\/en\\\/festival-ana-desetnica-2020-the-frame-of-summer\\\/\",\"url\":\"https:\\\/\\\/www.anamonro.si\\\/en\\\/festival-ana-desetnica-2020-the-frame-of-summer\\\/\",\"name\":\"ANA DESETNICA 2020 - The Frame of Summer, Part 1! - Ana Monro\",\"isPartOf\":{\"@id\":\"https:\\\/\\\/www.anamonro.si\\\/#website\"},\"primaryImageOfPage\":{\"@id\":\"https:\\\/\\\/www.anamonro.si\\\/en\\\/festival-ana-desetnica-2020-the-frame-of-summer\\\/#primaryimage\"},\"image\":{\"@id\":\"https:\\\/\\\/www.anamonro.si\\\/en\\\/festival-ana-desetnica-2020-the-frame-of-summer\\\/#primaryimage\"},\"thumbnailUrl\":\"https:\\\/\\\/www.anamonro.si\\\/wp-content\\\/uploads\\\/2020\\\/07\\\/foto-10.jpg\",\"datePublished\":\"2020-07-05T16:34:07+00:00\",\"dateModified\":\"2021-02-08T17:26:10+00:00\",\"author\":{\"@id\":\"https:\\\/\\\/www.anamonro.si\\\/#\\\/schema\\\/person\\\/fc0d2ae1f8f83c1e7293c54e0eb3ce38\"},\"description\":\"Gledali\u0161\u010de Ane Monro je osrednja uli\u010dno-gledali\u0161ka organizacija v Sloveniji, ki umetnikom nudi rast, krepitev in ne nazadnje tudi zaslu\u017eek.\",\"breadcrumb\":{\"@id\":\"https:\\\/\\\/www.anamonro.si\\\/en\\\/festival-ana-desetnica-2020-the-frame-of-summer\\\/#breadcrumb\"},\"inLanguage\":\"en-US\",\"potentialAction\":[{\"@type\":\"ReadAction\",\"target\":[\"https:\\\/\\\/www.anamonro.si\\\/en\\\/festival-ana-desetnica-2020-the-frame-of-summer\\\/\"]}]},{\"@type\":\"ImageObject\",\"inLanguage\":\"en-US\",\"@id\":\"https:\\\/\\\/www.anamonro.si\\\/en\\\/festival-ana-desetnica-2020-the-frame-of-summer\\\/#primaryimage\",\"url\":\"https:\\\/\\\/www.anamonro.si\\\/wp-content\\\/uploads\\\/2020\\\/07\\\/foto-10.jpg\",\"contentUrl\":\"https:\\\/\\\/www.anamonro.si\\\/wp-content\\\/uploads\\\/2020\\\/07\\\/foto-10.jpg\",\"width\":1500,\"height\":1000,\"caption\":\"Foto 10\"},{\"@type\":\"BreadcrumbList\",\"@id\":\"https:\\\/\\\/www.anamonro.si\\\/en\\\/festival-ana-desetnica-2020-the-frame-of-summer\\\/#breadcrumb\",\"itemListElement\":[{\"@type\":\"ListItem\",\"position\":1,\"name\":\"Home\",\"item\":\"https:\\\/\\\/www.anamonro.si\\\/en\\\/\"},{\"@type\":\"ListItem\",\"position\":2,\"name\":\"ANA DESETNICA 2020 &#8211; The Frame of Summer, Part 1!\"}]},{\"@type\":\"WebSite\",\"@id\":\"https:\\\/\\\/www.anamonro.si\\\/#website\",\"url\":\"https:\\\/\\\/www.anamonro.si\\\/\",\"name\":\"Ana Monro\",\"description\":\"Uli\u010dno gledali\u0161\u010de\",\"potentialAction\":[{\"@type\":\"SearchAction\",\"target\":{\"@type\":\"EntryPoint\",\"urlTemplate\":\"https:\\\/\\\/www.anamonro.si\\\/?s={search_term_string}\"},\"query-input\":{\"@type\":\"PropertyValueSpecification\",\"valueRequired\":true,\"valueName\":\"search_term_string\"}}],\"inLanguage\":\"en-US\"},{\"@type\":\"Person\",\"@id\":\"https:\\\/\\\/www.anamonro.si\\\/#\\\/schema\\\/person\\\/fc0d2ae1f8f83c1e7293c54e0eb3ce38\",\"name\":\"Leja\",\"image\":{\"@type\":\"ImageObject\",\"inLanguage\":\"en-US\",\"@id\":\"https:\\\/\\\/secure.gravatar.com\\\/avatar\\\/bb9d57fc2bf2035188b4e3d89e0036580d67d6a9975f98629d476ed14f557f5a?s=96&d=mm&r=g\",\"url\":\"https:\\\/\\\/secure.gravatar.com\\\/avatar\\\/bb9d57fc2bf2035188b4e3d89e0036580d67d6a9975f98629d476ed14f557f5a?s=96&d=mm&r=g\",\"contentUrl\":\"https:\\\/\\\/secure.gravatar.com\\\/avatar\\\/bb9d57fc2bf2035188b4e3d89e0036580d67d6a9975f98629d476ed14f557f5a?s=96&d=mm&r=g\",\"caption\":\"Leja\"},\"url\":\"https:\\\/\\\/www.anamonro.si\\\/en\\\/author\\\/kocevskirog\\\/\"}]}<\/script>\n<!-- \/ Yoast SEO plugin. -->","yoast_head_json":{"title":"ANA DESETNICA 2020 - The Frame of Summer, Part 1! - Ana Monro","description":"Gledali\u0161\u010de Ane Monro je osrednja uli\u010dno-gledali\u0161ka organizacija v Sloveniji, ki umetnikom nudi rast, krepitev in ne nazadnje tudi zaslu\u017eek.","robots":{"index":"index","follow":"follow","max-snippet":"max-snippet:-1","max-image-preview":"max-image-preview:large","max-video-preview":"max-video-preview:-1"},"canonical":"https:\/\/www.anamonro.si\/en\/festival-ana-desetnica-2020-the-frame-of-summer\/","og_locale":"en_US","og_type":"article","og_title":"ANA DESETNICA 2020 - The Frame of Summer, Part 1! - Ana Monro","og_description":"Gledali\u0161\u010de Ane Monro je osrednja uli\u010dno-gledali\u0161ka organizacija v Sloveniji, ki umetnikom nudi rast, krepitev in ne nazadnje tudi zaslu\u017eek.","og_url":"https:\/\/www.anamonro.si\/en\/festival-ana-desetnica-2020-the-frame-of-summer\/","og_site_name":"Ana Monro","article_published_time":"2020-07-05T16:34:07+00:00","article_modified_time":"2021-02-08T17:26:10+00:00","og_image":[{"width":1500,"height":1000,"url":"https:\/\/www.anamonro.si\/wp-content\/uploads\/2020\/07\/foto-10.jpg","type":"image\/jpeg"}],"author":"Leja","twitter_card":"summary_large_image","twitter_misc":{"Written by":"Leja","Est. reading time":"1 minute"},"schema":{"@context":"https:\/\/schema.org","@graph":[{"@type":"Article","@id":"https:\/\/www.anamonro.si\/en\/festival-ana-desetnica-2020-the-frame-of-summer\/#article","isPartOf":{"@id":"https:\/\/www.anamonro.si\/en\/festival-ana-desetnica-2020-the-frame-of-summer\/"},"author":{"name":"Leja","@id":"https:\/\/www.anamonro.si\/#\/schema\/person\/fc0d2ae1f8f83c1e7293c54e0eb3ce38"},"headline":"ANA DESETNICA 2020 &#8211; The Frame of Summer, Part 1!","datePublished":"2020-07-05T16:34:07+00:00","dateModified":"2021-02-08T17:26:10+00:00","mainEntityOfPage":{"@id":"https:\/\/www.anamonro.si\/en\/festival-ana-desetnica-2020-the-frame-of-summer\/"},"wordCount":127,"image":{"@id":"https:\/\/www.anamonro.si\/en\/festival-ana-desetnica-2020-the-frame-of-summer\/#primaryimage"},"thumbnailUrl":"https:\/\/www.anamonro.si\/wp-content\/uploads\/2020\/07\/foto-10.jpg","articleSection":["Festivals"],"inLanguage":"en-US"},{"@type":"WebPage","@id":"https:\/\/www.anamonro.si\/en\/festival-ana-desetnica-2020-the-frame-of-summer\/","url":"https:\/\/www.anamonro.si\/en\/festival-ana-desetnica-2020-the-frame-of-summer\/","name":"ANA DESETNICA 2020 - The Frame of Summer, Part 1! - Ana Monro","isPartOf":{"@id":"https:\/\/www.anamonro.si\/#website"},"primaryImageOfPage":{"@id":"https:\/\/www.anamonro.si\/en\/festival-ana-desetnica-2020-the-frame-of-summer\/#primaryimage"},"image":{"@id":"https:\/\/www.anamonro.si\/en\/festival-ana-desetnica-2020-the-frame-of-summer\/#primaryimage"},"thumbnailUrl":"https:\/\/www.anamonro.si\/wp-content\/uploads\/2020\/07\/foto-10.jpg","datePublished":"2020-07-05T16:34:07+00:00","dateModified":"2021-02-08T17:26:10+00:00","author":{"@id":"https:\/\/www.anamonro.si\/#\/schema\/person\/fc0d2ae1f8f83c1e7293c54e0eb3ce38"},"description":"Gledali\u0161\u010de Ane Monro je osrednja uli\u010dno-gledali\u0161ka organizacija v Sloveniji, ki umetnikom nudi rast, krepitev in ne nazadnje tudi zaslu\u017eek.","breadcrumb":{"@id":"https:\/\/www.anamonro.si\/en\/festival-ana-desetnica-2020-the-frame-of-summer\/#breadcrumb"},"inLanguage":"en-US","potentialAction":[{"@type":"ReadAction","target":["https:\/\/www.anamonro.si\/en\/festival-ana-desetnica-2020-the-frame-of-summer\/"]}]},{"@type":"ImageObject","inLanguage":"en-US","@id":"https:\/\/www.anamonro.si\/en\/festival-ana-desetnica-2020-the-frame-of-summer\/#primaryimage","url":"https:\/\/www.anamonro.si\/wp-content\/uploads\/2020\/07\/foto-10.jpg","contentUrl":"https:\/\/www.anamonro.si\/wp-content\/uploads\/2020\/07\/foto-10.jpg","width":1500,"height":1000,"caption":"Foto 10"},{"@type":"BreadcrumbList","@id":"https:\/\/www.anamonro.si\/en\/festival-ana-desetnica-2020-the-frame-of-summer\/#breadcrumb","itemListElement":[{"@type":"ListItem","position":1,"name":"Home","item":"https:\/\/www.anamonro.si\/en\/"},{"@type":"ListItem","position":2,"name":"ANA DESETNICA 2020 &#8211; The Frame of Summer, Part 1!"}]},{"@type":"WebSite","@id":"https:\/\/www.anamonro.si\/#website","url":"https:\/\/www.anamonro.si\/","name":"Ana Monro","description":"Uli\u010dno gledali\u0161\u010de","potentialAction":[{"@type":"SearchAction","target":{"@type":"EntryPoint","urlTemplate":"https:\/\/www.anamonro.si\/?s={search_term_string}"},"query-input":{"@type":"PropertyValueSpecification","valueRequired":true,"valueName":"search_term_string"}}],"inLanguage":"en-US"},{"@type":"Person","@id":"https:\/\/www.anamonro.si\/#\/schema\/person\/fc0d2ae1f8f83c1e7293c54e0eb3ce38","name":"Leja","image":{"@type":"ImageObject","inLanguage":"en-US","@id":"https:\/\/secure.gravatar.com\/avatar\/bb9d57fc2bf2035188b4e3d89e0036580d67d6a9975f98629d476ed14f557f5a?s=96&d=mm&r=g","url":"https:\/\/secure.gravatar.com\/avatar\/bb9d57fc2bf2035188b4e3d89e0036580d67d6a9975f98629d476ed14f557f5a?s=96&d=mm&r=g","contentUrl":"https:\/\/secure.gravatar.com\/avatar\/bb9d57fc2bf2035188b4e3d89e0036580d67d6a9975f98629d476ed14f557f5a?s=96&d=mm&r=g","caption":"Leja"},"url":"https:\/\/www.anamonro.si\/en\/author\/kocevskirog\/"}]}},"_links":{"self":[{"href":"https:\/\/www.anamonro.si\/en\/wp-json\/wp\/v2\/posts\/9881","targetHints":{"allow":["GET"]}}],"collection":[{"href":"https:\/\/www.anamonro.si\/en\/wp-json\/wp\/v2\/posts"}],"about":[{"href":"https:\/\/www.anamonro.si\/en\/wp-json\/wp\/v2\/types\/post"}],"author":[{"embeddable":true,"href":"https:\/\/www.anamonro.si\/en\/wp-json\/wp\/v2\/users\/2"}],"replies":[{"embeddable":true,"href":"https:\/\/www.anamonro.si\/en\/wp-json\/wp\/v2\/comments?post=9881"}],"version-history":[{"count":2,"href":"https:\/\/www.anamonro.si\/en\/wp-json\/wp\/v2\/posts\/9881\/revisions"}],"predecessor-version":[{"id":11617,"href":"https:\/\/www.anamonro.si\/en\/wp-json\/wp\/v2\/posts\/9881\/revisions\/11617"}],"wp:featuredmedia":[{"embeddable":true,"href":"https:\/\/www.anamonro.si\/en\/wp-json\/wp\/v2\/media\/9289"}],"wp:attachment":[{"href":"https:\/\/www.anamonro.si\/en\/wp-json\/wp\/v2\/media?parent=9881"}],"wp:term":[{"taxonomy":"category","embeddable":true,"href":"https:\/\/www.anamonro.si\/en\/wp-json\/wp\/v2\/categories?post=9881"},{"taxonomy":"post_tag","embeddable":true,"href":"https:\/\/www.anamonro.si\/en\/wp-json\/wp\/v2\/tags?post=9881"}],"curies":[{"name":"wp","href":"https:\/\/api.w.org\/{rel}","templated":true}]}}