{"id":6274,"date":"2019-07-04T09:22:10","date_gmt":"2019-07-04T07:22:10","guid":{"rendered":"https:\/\/www.anamonro.si\/?p=6274"},"modified":"2019-07-04T09:29:12","modified_gmt":"2019-07-04T07:29:12","slug":"ana-desetnica-2019-in-ljubljana","status":"publish","type":"post","link":"https:\/\/www.anamonro.si\/en\/ana-desetnica-2019-in-ljubljana\/","title":{"rendered":"Ana Desetnica 2019 came in LJUBLJANA!"},"content":{"rendered":"<p>Due to tough weather conditions the first festival evening in Ljubljana was a challenge &#8211; but it was a success!<\/p>\n<p>Because, where&#8217;s a will, there&#8217;s a way!<\/p>\n<p>Thanks to all the artists, members of technical crew and you, dear visitors.<\/p>\n<p>Welcome to join\u00a0<em>Ana Desetnica 2019<\/em> on the streets. She will be in town till Saturday.<\/p>\n<pre><\/pre>\n<p><a href=\"https:\/\/www.flickr.com\/photos\/anadesetnica\/48193028806\/in\/album-72157709416073946\/\"><span style=\"text-decoration: underline;\"><strong>PHOTO GALLERY<\/strong><\/span><\/a> (Photo: Luka Dakskobler)<\/p>\n<p><a href=\"https:\/\/www.anamonro.si\/festivali\/program-ana-desetnica2019\/\"><span style=\"text-decoration: underline;\"><strong>FESTIVAL PROGRAMME<\/strong><\/span><\/a><\/p>\n<p>&nbsp;<\/p>\n<p>&nbsp;<\/p>\n<p>&nbsp;<\/p>\n","protected":false},"excerpt":{"rendered":"<p>Due to tough weather conditions the first festival evening in Ljubljana was a challenge &#8211; but it was a success! Because, where&#8217;s a will, there&#8217;s a way! Thanks to all the artists, members of technical crew and you, dear visitors. Welcome to join\u00a0Ana Desetnica 2019 on the streets. She will be in town till Saturday. &#8230; <\/p>\n","protected":false},"author":2,"featured_media":6275,"comment_status":"closed","ping_status":"closed","sticky":false,"template":"","format":"standard","meta":{"_acf_changed":false,"footnotes":""},"categories":[18],"tags":[],"class_list":["post-6274","post","type-post","status-publish","format-standard","has-post-thumbnail","hentry","category-festivals"],"acf":[],"yoast_head":"<!-- This site is optimized with the Yoast SEO plugin v27.4 - https:\/\/yoast.com\/product\/yoast-seo-wordpress\/ -->\n<title>Ana Desetnica 2019 came in LJUBLJANA! - Ana Monro<\/title>\n<meta name=\"description\" content=\"Gledali\u0161\u010de Ane Monro je osrednja uli\u010dno-gledali\u0161ka organizacija v Sloveniji, ki umetnikom nudi rast, krepitev in ne nazadnje tudi zaslu\u017eek.\" \/>\n<meta name=\"robots\" content=\"index, follow, max-snippet:-1, max-image-preview:large, max-video-preview:-1\" \/>\n<link rel=\"canonical\" href=\"https:\/\/www.anamonro.si\/en\/ana-desetnica-2019-in-ljubljana\/\" \/>\n<meta property=\"og:locale\" content=\"en_US\" \/>\n<meta property=\"og:type\" content=\"article\" \/>\n<meta property=\"og:title\" content=\"Ana Desetnica 2019 came in LJUBLJANA! - Ana Monro\" \/>\n<meta property=\"og:description\" content=\"Gledali\u0161\u010de Ane Monro je osrednja uli\u010dno-gledali\u0161ka organizacija v Sloveniji, ki umetnikom nudi rast, krepitev in ne nazadnje tudi zaslu\u017eek.\" \/>\n<meta property=\"og:url\" content=\"https:\/\/www.anamonro.si\/en\/ana-desetnica-2019-in-ljubljana\/\" \/>\n<meta property=\"og:site_name\" content=\"Ana Monro\" \/>\n<meta property=\"article:published_time\" content=\"2019-07-04T07:22:10+00:00\" \/>\n<meta property=\"article:modified_time\" content=\"2019-07-04T07:29:12+00:00\" \/>\n<meta property=\"og:image\" content=\"https:\/\/www.anamonro.si\/wp-content\/uploads\/2019\/07\/a10-4.jpg\" \/>\n\t<meta property=\"og:image:width\" content=\"1500\" \/>\n\t<meta property=\"og:image:height\" content=\"1000\" \/>\n\t<meta property=\"og:image:type\" content=\"image\/jpeg\" \/>\n<meta name=\"author\" content=\"Leja\" \/>\n<meta name=\"twitter:card\" content=\"summary_large_image\" \/>\n<meta name=\"twitter:label1\" content=\"Written by\" \/>\n\t<meta name=\"twitter:data1\" content=\"Leja\" \/>\n<script type=\"application\/ld+json\" class=\"yoast-schema-graph\">{\"@context\":\"https:\\\/\\\/schema.org\",\"@graph\":[{\"@type\":\"Article\",\"@id\":\"https:\\\/\\\/www.anamonro.si\\\/en\\\/ana-desetnica-2019-in-ljubljana\\\/#article\",\"isPartOf\":{\"@id\":\"https:\\\/\\\/www.anamonro.si\\\/en\\\/ana-desetnica-2019-in-ljubljana\\\/\"},\"author\":{\"name\":\"Leja\",\"@id\":\"https:\\\/\\\/www.anamonro.si\\\/#\\\/schema\\\/person\\\/fc0d2ae1f8f83c1e7293c54e0eb3ce38\"},\"headline\":\"Ana Desetnica 2019 came in LJUBLJANA!\",\"datePublished\":\"2019-07-04T07:22:10+00:00\",\"dateModified\":\"2019-07-04T07:29:12+00:00\",\"mainEntityOfPage\":{\"@id\":\"https:\\\/\\\/www.anamonro.si\\\/en\\\/ana-desetnica-2019-in-ljubljana\\\/\"},\"wordCount\":72,\"image\":{\"@id\":\"https:\\\/\\\/www.anamonro.si\\\/en\\\/ana-desetnica-2019-in-ljubljana\\\/#primaryimage\"},\"thumbnailUrl\":\"https:\\\/\\\/www.anamonro.si\\\/wp-content\\\/uploads\\\/2019\\\/07\\\/a10-4.jpg\",\"articleSection\":[\"Festivals\"],\"inLanguage\":\"en-US\"},{\"@type\":\"WebPage\",\"@id\":\"https:\\\/\\\/www.anamonro.si\\\/en\\\/ana-desetnica-2019-in-ljubljana\\\/\",\"url\":\"https:\\\/\\\/www.anamonro.si\\\/en\\\/ana-desetnica-2019-in-ljubljana\\\/\",\"name\":\"Ana Desetnica 2019 came in LJUBLJANA! - Ana Monro\",\"isPartOf\":{\"@id\":\"https:\\\/\\\/www.anamonro.si\\\/#website\"},\"primaryImageOfPage\":{\"@id\":\"https:\\\/\\\/www.anamonro.si\\\/en\\\/ana-desetnica-2019-in-ljubljana\\\/#primaryimage\"},\"image\":{\"@id\":\"https:\\\/\\\/www.anamonro.si\\\/en\\\/ana-desetnica-2019-in-ljubljana\\\/#primaryimage\"},\"thumbnailUrl\":\"https:\\\/\\\/www.anamonro.si\\\/wp-content\\\/uploads\\\/2019\\\/07\\\/a10-4.jpg\",\"datePublished\":\"2019-07-04T07:22:10+00:00\",\"dateModified\":\"2019-07-04T07:29:12+00:00\",\"author\":{\"@id\":\"https:\\\/\\\/www.anamonro.si\\\/#\\\/schema\\\/person\\\/fc0d2ae1f8f83c1e7293c54e0eb3ce38\"},\"description\":\"Gledali\u0161\u010de Ane Monro je osrednja uli\u010dno-gledali\u0161ka organizacija v Sloveniji, ki umetnikom nudi rast, krepitev in ne nazadnje tudi zaslu\u017eek.\",\"breadcrumb\":{\"@id\":\"https:\\\/\\\/www.anamonro.si\\\/en\\\/ana-desetnica-2019-in-ljubljana\\\/#breadcrumb\"},\"inLanguage\":\"en-US\",\"potentialAction\":[{\"@type\":\"ReadAction\",\"target\":[\"https:\\\/\\\/www.anamonro.si\\\/en\\\/ana-desetnica-2019-in-ljubljana\\\/\"]}]},{\"@type\":\"ImageObject\",\"inLanguage\":\"en-US\",\"@id\":\"https:\\\/\\\/www.anamonro.si\\\/en\\\/ana-desetnica-2019-in-ljubljana\\\/#primaryimage\",\"url\":\"https:\\\/\\\/www.anamonro.si\\\/wp-content\\\/uploads\\\/2019\\\/07\\\/a10-4.jpg\",\"contentUrl\":\"https:\\\/\\\/www.anamonro.si\\\/wp-content\\\/uploads\\\/2019\\\/07\\\/a10-4.jpg\",\"width\":1500,\"height\":1000,\"caption\":\"A10 4\"},{\"@type\":\"BreadcrumbList\",\"@id\":\"https:\\\/\\\/www.anamonro.si\\\/en\\\/ana-desetnica-2019-in-ljubljana\\\/#breadcrumb\",\"itemListElement\":[{\"@type\":\"ListItem\",\"position\":1,\"name\":\"Home\",\"item\":\"https:\\\/\\\/www.anamonro.si\\\/en\\\/\"},{\"@type\":\"ListItem\",\"position\":2,\"name\":\"Ana Desetnica 2019 came in LJUBLJANA!\"}]},{\"@type\":\"WebSite\",\"@id\":\"https:\\\/\\\/www.anamonro.si\\\/#website\",\"url\":\"https:\\\/\\\/www.anamonro.si\\\/\",\"name\":\"Ana Monro\",\"description\":\"Uli\u010dno gledali\u0161\u010de\",\"potentialAction\":[{\"@type\":\"SearchAction\",\"target\":{\"@type\":\"EntryPoint\",\"urlTemplate\":\"https:\\\/\\\/www.anamonro.si\\\/?s={search_term_string}\"},\"query-input\":{\"@type\":\"PropertyValueSpecification\",\"valueRequired\":true,\"valueName\":\"search_term_string\"}}],\"inLanguage\":\"en-US\"},{\"@type\":\"Person\",\"@id\":\"https:\\\/\\\/www.anamonro.si\\\/#\\\/schema\\\/person\\\/fc0d2ae1f8f83c1e7293c54e0eb3ce38\",\"name\":\"Leja\",\"image\":{\"@type\":\"ImageObject\",\"inLanguage\":\"en-US\",\"@id\":\"https:\\\/\\\/secure.gravatar.com\\\/avatar\\\/bb9d57fc2bf2035188b4e3d89e0036580d67d6a9975f98629d476ed14f557f5a?s=96&d=mm&r=g\",\"url\":\"https:\\\/\\\/secure.gravatar.com\\\/avatar\\\/bb9d57fc2bf2035188b4e3d89e0036580d67d6a9975f98629d476ed14f557f5a?s=96&d=mm&r=g\",\"contentUrl\":\"https:\\\/\\\/secure.gravatar.com\\\/avatar\\\/bb9d57fc2bf2035188b4e3d89e0036580d67d6a9975f98629d476ed14f557f5a?s=96&d=mm&r=g\",\"caption\":\"Leja\"},\"url\":\"https:\\\/\\\/www.anamonro.si\\\/en\\\/author\\\/kocevskirog\\\/\"}]}<\/script>\n<!-- \/ Yoast SEO plugin. -->","yoast_head_json":{"title":"Ana Desetnica 2019 came in LJUBLJANA! - Ana Monro","description":"Gledali\u0161\u010de Ane Monro je osrednja uli\u010dno-gledali\u0161ka organizacija v Sloveniji, ki umetnikom nudi rast, krepitev in ne nazadnje tudi zaslu\u017eek.","robots":{"index":"index","follow":"follow","max-snippet":"max-snippet:-1","max-image-preview":"max-image-preview:large","max-video-preview":"max-video-preview:-1"},"canonical":"https:\/\/www.anamonro.si\/en\/ana-desetnica-2019-in-ljubljana\/","og_locale":"en_US","og_type":"article","og_title":"Ana Desetnica 2019 came in LJUBLJANA! - Ana Monro","og_description":"Gledali\u0161\u010de Ane Monro je osrednja uli\u010dno-gledali\u0161ka organizacija v Sloveniji, ki umetnikom nudi rast, krepitev in ne nazadnje tudi zaslu\u017eek.","og_url":"https:\/\/www.anamonro.si\/en\/ana-desetnica-2019-in-ljubljana\/","og_site_name":"Ana Monro","article_published_time":"2019-07-04T07:22:10+00:00","article_modified_time":"2019-07-04T07:29:12+00:00","og_image":[{"width":1500,"height":1000,"url":"https:\/\/www.anamonro.si\/wp-content\/uploads\/2019\/07\/a10-4.jpg","type":"image\/jpeg"}],"author":"Leja","twitter_card":"summary_large_image","twitter_misc":{"Written by":"Leja"},"schema":{"@context":"https:\/\/schema.org","@graph":[{"@type":"Article","@id":"https:\/\/www.anamonro.si\/en\/ana-desetnica-2019-in-ljubljana\/#article","isPartOf":{"@id":"https:\/\/www.anamonro.si\/en\/ana-desetnica-2019-in-ljubljana\/"},"author":{"name":"Leja","@id":"https:\/\/www.anamonro.si\/#\/schema\/person\/fc0d2ae1f8f83c1e7293c54e0eb3ce38"},"headline":"Ana Desetnica 2019 came in LJUBLJANA!","datePublished":"2019-07-04T07:22:10+00:00","dateModified":"2019-07-04T07:29:12+00:00","mainEntityOfPage":{"@id":"https:\/\/www.anamonro.si\/en\/ana-desetnica-2019-in-ljubljana\/"},"wordCount":72,"image":{"@id":"https:\/\/www.anamonro.si\/en\/ana-desetnica-2019-in-ljubljana\/#primaryimage"},"thumbnailUrl":"https:\/\/www.anamonro.si\/wp-content\/uploads\/2019\/07\/a10-4.jpg","articleSection":["Festivals"],"inLanguage":"en-US"},{"@type":"WebPage","@id":"https:\/\/www.anamonro.si\/en\/ana-desetnica-2019-in-ljubljana\/","url":"https:\/\/www.anamonro.si\/en\/ana-desetnica-2019-in-ljubljana\/","name":"Ana Desetnica 2019 came in LJUBLJANA! - Ana Monro","isPartOf":{"@id":"https:\/\/www.anamonro.si\/#website"},"primaryImageOfPage":{"@id":"https:\/\/www.anamonro.si\/en\/ana-desetnica-2019-in-ljubljana\/#primaryimage"},"image":{"@id":"https:\/\/www.anamonro.si\/en\/ana-desetnica-2019-in-ljubljana\/#primaryimage"},"thumbnailUrl":"https:\/\/www.anamonro.si\/wp-content\/uploads\/2019\/07\/a10-4.jpg","datePublished":"2019-07-04T07:22:10+00:00","dateModified":"2019-07-04T07:29:12+00:00","author":{"@id":"https:\/\/www.anamonro.si\/#\/schema\/person\/fc0d2ae1f8f83c1e7293c54e0eb3ce38"},"description":"Gledali\u0161\u010de Ane Monro je osrednja uli\u010dno-gledali\u0161ka organizacija v Sloveniji, ki umetnikom nudi rast, krepitev in ne nazadnje tudi zaslu\u017eek.","breadcrumb":{"@id":"https:\/\/www.anamonro.si\/en\/ana-desetnica-2019-in-ljubljana\/#breadcrumb"},"inLanguage":"en-US","potentialAction":[{"@type":"ReadAction","target":["https:\/\/www.anamonro.si\/en\/ana-desetnica-2019-in-ljubljana\/"]}]},{"@type":"ImageObject","inLanguage":"en-US","@id":"https:\/\/www.anamonro.si\/en\/ana-desetnica-2019-in-ljubljana\/#primaryimage","url":"https:\/\/www.anamonro.si\/wp-content\/uploads\/2019\/07\/a10-4.jpg","contentUrl":"https:\/\/www.anamonro.si\/wp-content\/uploads\/2019\/07\/a10-4.jpg","width":1500,"height":1000,"caption":"A10 4"},{"@type":"BreadcrumbList","@id":"https:\/\/www.anamonro.si\/en\/ana-desetnica-2019-in-ljubljana\/#breadcrumb","itemListElement":[{"@type":"ListItem","position":1,"name":"Home","item":"https:\/\/www.anamonro.si\/en\/"},{"@type":"ListItem","position":2,"name":"Ana Desetnica 2019 came in LJUBLJANA!"}]},{"@type":"WebSite","@id":"https:\/\/www.anamonro.si\/#website","url":"https:\/\/www.anamonro.si\/","name":"Ana Monro","description":"Uli\u010dno gledali\u0161\u010de","potentialAction":[{"@type":"SearchAction","target":{"@type":"EntryPoint","urlTemplate":"https:\/\/www.anamonro.si\/?s={search_term_string}"},"query-input":{"@type":"PropertyValueSpecification","valueRequired":true,"valueName":"search_term_string"}}],"inLanguage":"en-US"},{"@type":"Person","@id":"https:\/\/www.anamonro.si\/#\/schema\/person\/fc0d2ae1f8f83c1e7293c54e0eb3ce38","name":"Leja","image":{"@type":"ImageObject","inLanguage":"en-US","@id":"https:\/\/secure.gravatar.com\/avatar\/bb9d57fc2bf2035188b4e3d89e0036580d67d6a9975f98629d476ed14f557f5a?s=96&d=mm&r=g","url":"https:\/\/secure.gravatar.com\/avatar\/bb9d57fc2bf2035188b4e3d89e0036580d67d6a9975f98629d476ed14f557f5a?s=96&d=mm&r=g","contentUrl":"https:\/\/secure.gravatar.com\/avatar\/bb9d57fc2bf2035188b4e3d89e0036580d67d6a9975f98629d476ed14f557f5a?s=96&d=mm&r=g","caption":"Leja"},"url":"https:\/\/www.anamonro.si\/en\/author\/kocevskirog\/"}]}},"_links":{"self":[{"href":"https:\/\/www.anamonro.si\/en\/wp-json\/wp\/v2\/posts\/6274","targetHints":{"allow":["GET"]}}],"collection":[{"href":"https:\/\/www.anamonro.si\/en\/wp-json\/wp\/v2\/posts"}],"about":[{"href":"https:\/\/www.anamonro.si\/en\/wp-json\/wp\/v2\/types\/post"}],"author":[{"embeddable":true,"href":"https:\/\/www.anamonro.si\/en\/wp-json\/wp\/v2\/users\/2"}],"replies":[{"embeddable":true,"href":"https:\/\/www.anamonro.si\/en\/wp-json\/wp\/v2\/comments?post=6274"}],"version-history":[{"count":5,"href":"https:\/\/www.anamonro.si\/en\/wp-json\/wp\/v2\/posts\/6274\/revisions"}],"predecessor-version":[{"id":6281,"href":"https:\/\/www.anamonro.si\/en\/wp-json\/wp\/v2\/posts\/6274\/revisions\/6281"}],"wp:featuredmedia":[{"embeddable":true,"href":"https:\/\/www.anamonro.si\/en\/wp-json\/wp\/v2\/media\/6275"}],"wp:attachment":[{"href":"https:\/\/www.anamonro.si\/en\/wp-json\/wp\/v2\/media?parent=6274"}],"wp:term":[{"taxonomy":"category","embeddable":true,"href":"https:\/\/www.anamonro.si\/en\/wp-json\/wp\/v2\/categories?post=6274"},{"taxonomy":"post_tag","embeddable":true,"href":"https:\/\/www.anamonro.si\/en\/wp-json\/wp\/v2\/tags?post=6274"}],"curies":[{"name":"wp","href":"https:\/\/api.w.org\/{rel}","templated":true}]}}