{"id":17850,"date":"2023-02-26T15:32:47","date_gmt":"2023-02-26T14:32:47","guid":{"rendered":"https:\/\/www.anamonro.si\/?p=17850"},"modified":"2023-03-30T15:46:14","modified_gmt":"2023-03-30T13:46:14","slug":"ana-desetnica-will-travel-slovenia-again","status":"publish","type":"post","link":"https:\/\/www.anamonro.si\/en\/ana-desetnica-will-travel-slovenia-again\/","title":{"rendered":"ANA DESETNICA will travel Slovenia again!"},"content":{"rendered":"<p>The program of the 26th international festival of street theater <a href=\"https:\/\/www.anamonro.si\/en\/pillar\/ana-desetnica\/\"><span style=\"text-decoration: underline;\"><em><strong>Ana Desetnica 2023<\/strong><\/em><\/span><\/a> will be hosted <strong>in Ljubljana, Maribor, Nova Gorica, Nova Mesto, Slovenj Gradec, Ilirska Bistrica, Se\u017eana, Kr\u0161ko, Velenje<\/strong> and elsewhere!<\/p>\n<p>We promise the beginning of summer will be hot (again)!<\/p>\n<p>&nbsp;<\/p>\n<h4><span style=\"text-decoration: underline;\"><strong><a href=\"https:\/\/www.anamonro.si\/en\/pillar\/ana-desetnica\/\">MORE INFO<\/a><\/strong><\/span><\/h4>\n<p>&nbsp;<\/p>\n<p>&nbsp;<\/p>\n<p>&nbsp;<\/p>\n<p>&nbsp;<\/p>\n<p>&nbsp;<\/p>\n<p>&nbsp;<\/p>\n","protected":false},"excerpt":{"rendered":"<p>The program of the 26th international festival of street theater Ana Desetnica 2023 will be hosted in Ljubljana, Maribor, Nova Gorica, Nova Mesto, Slovenj Gradec, Ilirska Bistrica, Se\u017eana, Kr\u0161ko, Velenje and elsewhere! We promise the beginning of summer will be hot (again)! &nbsp; MORE INFO &nbsp; &nbsp; &nbsp; &nbsp; &nbsp; &nbsp;<\/p>\n","protected":false},"author":2,"featured_media":17837,"comment_status":"closed","ping_status":"closed","sticky":false,"template":"","format":"standard","meta":{"_acf_changed":false,"footnotes":""},"categories":[18],"tags":[],"class_list":["post-17850","post","type-post","status-publish","format-standard","has-post-thumbnail","hentry","category-festivals"],"acf":[],"yoast_head":"<!-- This site is optimized with the Yoast SEO plugin v27.4 - https:\/\/yoast.com\/product\/yoast-seo-wordpress\/ -->\n<title>ANA DESETNICA will travel Slovenia again! - Ana Monro<\/title>\n<meta name=\"description\" content=\"Gledali\u0161\u010de Ane Monro je osrednja uli\u010dno-gledali\u0161ka organizacija v Sloveniji, ki umetnikom nudi rast, krepitev in ne nazadnje tudi zaslu\u017eek.\" \/>\n<meta name=\"robots\" content=\"index, follow, max-snippet:-1, max-image-preview:large, max-video-preview:-1\" \/>\n<link rel=\"canonical\" href=\"https:\/\/www.anamonro.si\/en\/ana-desetnica-will-travel-slovenia-again\/\" \/>\n<meta property=\"og:locale\" content=\"en_US\" \/>\n<meta property=\"og:type\" content=\"article\" \/>\n<meta property=\"og:title\" content=\"ANA DESETNICA will travel Slovenia again! - Ana Monro\" \/>\n<meta property=\"og:description\" content=\"Gledali\u0161\u010de Ane Monro je osrednja uli\u010dno-gledali\u0161ka organizacija v Sloveniji, ki umetnikom nudi rast, krepitev in ne nazadnje tudi zaslu\u017eek.\" \/>\n<meta property=\"og:url\" content=\"https:\/\/www.anamonro.si\/en\/ana-desetnica-will-travel-slovenia-again\/\" \/>\n<meta property=\"og:site_name\" content=\"Ana Monro\" \/>\n<meta property=\"article:published_time\" content=\"2023-02-26T14:32:47+00:00\" \/>\n<meta property=\"article:modified_time\" content=\"2023-03-30T13:46:14+00:00\" \/>\n<meta property=\"og:image\" content=\"https:\/\/www.anamonro.si\/wp-content\/uploads\/2023\/03\/CirkVOST-ENSEMBLE_credit-photos-Cecile-Carlotti-2-1000.jpg\" \/>\n\t<meta property=\"og:image:width\" content=\"1000\" \/>\n\t<meta property=\"og:image:height\" content=\"657\" \/>\n\t<meta property=\"og:image:type\" content=\"image\/jpeg\" \/>\n<meta name=\"author\" content=\"Leja\" \/>\n<meta name=\"twitter:card\" content=\"summary_large_image\" \/>\n<meta name=\"twitter:label1\" content=\"Written by\" \/>\n\t<meta name=\"twitter:data1\" content=\"Leja\" \/>\n\t<meta name=\"twitter:label2\" content=\"Est. reading time\" \/>\n\t<meta name=\"twitter:data2\" content=\"1 minute\" \/>\n<script type=\"application\/ld+json\" class=\"yoast-schema-graph\">{\"@context\":\"https:\\\/\\\/schema.org\",\"@graph\":[{\"@type\":\"Article\",\"@id\":\"https:\\\/\\\/www.anamonro.si\\\/en\\\/ana-desetnica-will-travel-slovenia-again\\\/#article\",\"isPartOf\":{\"@id\":\"https:\\\/\\\/www.anamonro.si\\\/en\\\/ana-desetnica-will-travel-slovenia-again\\\/\"},\"author\":{\"name\":\"Leja\",\"@id\":\"https:\\\/\\\/www.anamonro.si\\\/#\\\/schema\\\/person\\\/fc0d2ae1f8f83c1e7293c54e0eb3ce38\"},\"headline\":\"ANA DESETNICA will travel Slovenia again!\",\"datePublished\":\"2023-02-26T14:32:47+00:00\",\"dateModified\":\"2023-03-30T13:46:14+00:00\",\"mainEntityOfPage\":{\"@id\":\"https:\\\/\\\/www.anamonro.si\\\/en\\\/ana-desetnica-will-travel-slovenia-again\\\/\"},\"wordCount\":58,\"image\":{\"@id\":\"https:\\\/\\\/www.anamonro.si\\\/en\\\/ana-desetnica-will-travel-slovenia-again\\\/#primaryimage\"},\"thumbnailUrl\":\"https:\\\/\\\/www.anamonro.si\\\/wp-content\\\/uploads\\\/2023\\\/03\\\/CirkVOST-ENSEMBLE_credit-photos-Cecile-Carlotti-2-1000.jpg\",\"articleSection\":[\"Festivals\"],\"inLanguage\":\"en-US\"},{\"@type\":\"WebPage\",\"@id\":\"https:\\\/\\\/www.anamonro.si\\\/en\\\/ana-desetnica-will-travel-slovenia-again\\\/\",\"url\":\"https:\\\/\\\/www.anamonro.si\\\/en\\\/ana-desetnica-will-travel-slovenia-again\\\/\",\"name\":\"ANA DESETNICA will travel Slovenia again! - Ana Monro\",\"isPartOf\":{\"@id\":\"https:\\\/\\\/www.anamonro.si\\\/#website\"},\"primaryImageOfPage\":{\"@id\":\"https:\\\/\\\/www.anamonro.si\\\/en\\\/ana-desetnica-will-travel-slovenia-again\\\/#primaryimage\"},\"image\":{\"@id\":\"https:\\\/\\\/www.anamonro.si\\\/en\\\/ana-desetnica-will-travel-slovenia-again\\\/#primaryimage\"},\"thumbnailUrl\":\"https:\\\/\\\/www.anamonro.si\\\/wp-content\\\/uploads\\\/2023\\\/03\\\/CirkVOST-ENSEMBLE_credit-photos-Cecile-Carlotti-2-1000.jpg\",\"datePublished\":\"2023-02-26T14:32:47+00:00\",\"dateModified\":\"2023-03-30T13:46:14+00:00\",\"author\":{\"@id\":\"https:\\\/\\\/www.anamonro.si\\\/#\\\/schema\\\/person\\\/fc0d2ae1f8f83c1e7293c54e0eb3ce38\"},\"description\":\"Gledali\u0161\u010de Ane Monro je osrednja uli\u010dno-gledali\u0161ka organizacija v Sloveniji, ki umetnikom nudi rast, krepitev in ne nazadnje tudi zaslu\u017eek.\",\"breadcrumb\":{\"@id\":\"https:\\\/\\\/www.anamonro.si\\\/en\\\/ana-desetnica-will-travel-slovenia-again\\\/#breadcrumb\"},\"inLanguage\":\"en-US\",\"potentialAction\":[{\"@type\":\"ReadAction\",\"target\":[\"https:\\\/\\\/www.anamonro.si\\\/en\\\/ana-desetnica-will-travel-slovenia-again\\\/\"]}]},{\"@type\":\"ImageObject\",\"inLanguage\":\"en-US\",\"@id\":\"https:\\\/\\\/www.anamonro.si\\\/en\\\/ana-desetnica-will-travel-slovenia-again\\\/#primaryimage\",\"url\":\"https:\\\/\\\/www.anamonro.si\\\/wp-content\\\/uploads\\\/2023\\\/03\\\/CirkVOST-ENSEMBLE_credit-photos-Cecile-Carlotti-2-1000.jpg\",\"contentUrl\":\"https:\\\/\\\/www.anamonro.si\\\/wp-content\\\/uploads\\\/2023\\\/03\\\/CirkVOST-ENSEMBLE_credit-photos-Cecile-Carlotti-2-1000.jpg\",\"width\":1000,\"height\":657,\"caption\":\"Cirkvost Ensemble Cr\u00e9dit Photos C\u00e9cile Carlotti 2 1000\"},{\"@type\":\"BreadcrumbList\",\"@id\":\"https:\\\/\\\/www.anamonro.si\\\/en\\\/ana-desetnica-will-travel-slovenia-again\\\/#breadcrumb\",\"itemListElement\":[{\"@type\":\"ListItem\",\"position\":1,\"name\":\"Home\",\"item\":\"https:\\\/\\\/www.anamonro.si\\\/en\\\/\"},{\"@type\":\"ListItem\",\"position\":2,\"name\":\"ANA DESETNICA will travel Slovenia again!\"}]},{\"@type\":\"WebSite\",\"@id\":\"https:\\\/\\\/www.anamonro.si\\\/#website\",\"url\":\"https:\\\/\\\/www.anamonro.si\\\/\",\"name\":\"Ana Monro\",\"description\":\"Uli\u010dno gledali\u0161\u010de\",\"potentialAction\":[{\"@type\":\"SearchAction\",\"target\":{\"@type\":\"EntryPoint\",\"urlTemplate\":\"https:\\\/\\\/www.anamonro.si\\\/?s={search_term_string}\"},\"query-input\":{\"@type\":\"PropertyValueSpecification\",\"valueRequired\":true,\"valueName\":\"search_term_string\"}}],\"inLanguage\":\"en-US\"},{\"@type\":\"Person\",\"@id\":\"https:\\\/\\\/www.anamonro.si\\\/#\\\/schema\\\/person\\\/fc0d2ae1f8f83c1e7293c54e0eb3ce38\",\"name\":\"Leja\",\"image\":{\"@type\":\"ImageObject\",\"inLanguage\":\"en-US\",\"@id\":\"https:\\\/\\\/secure.gravatar.com\\\/avatar\\\/bb9d57fc2bf2035188b4e3d89e0036580d67d6a9975f98629d476ed14f557f5a?s=96&d=mm&r=g\",\"url\":\"https:\\\/\\\/secure.gravatar.com\\\/avatar\\\/bb9d57fc2bf2035188b4e3d89e0036580d67d6a9975f98629d476ed14f557f5a?s=96&d=mm&r=g\",\"contentUrl\":\"https:\\\/\\\/secure.gravatar.com\\\/avatar\\\/bb9d57fc2bf2035188b4e3d89e0036580d67d6a9975f98629d476ed14f557f5a?s=96&d=mm&r=g\",\"caption\":\"Leja\"},\"url\":\"https:\\\/\\\/www.anamonro.si\\\/en\\\/author\\\/kocevskirog\\\/\"}]}<\/script>\n<!-- \/ Yoast SEO plugin. -->","yoast_head_json":{"title":"ANA DESETNICA will travel Slovenia again! - Ana Monro","description":"Gledali\u0161\u010de Ane Monro je osrednja uli\u010dno-gledali\u0161ka organizacija v Sloveniji, ki umetnikom nudi rast, krepitev in ne nazadnje tudi zaslu\u017eek.","robots":{"index":"index","follow":"follow","max-snippet":"max-snippet:-1","max-image-preview":"max-image-preview:large","max-video-preview":"max-video-preview:-1"},"canonical":"https:\/\/www.anamonro.si\/en\/ana-desetnica-will-travel-slovenia-again\/","og_locale":"en_US","og_type":"article","og_title":"ANA DESETNICA will travel Slovenia again! - Ana Monro","og_description":"Gledali\u0161\u010de Ane Monro je osrednja uli\u010dno-gledali\u0161ka organizacija v Sloveniji, ki umetnikom nudi rast, krepitev in ne nazadnje tudi zaslu\u017eek.","og_url":"https:\/\/www.anamonro.si\/en\/ana-desetnica-will-travel-slovenia-again\/","og_site_name":"Ana Monro","article_published_time":"2023-02-26T14:32:47+00:00","article_modified_time":"2023-03-30T13:46:14+00:00","og_image":[{"width":1000,"height":657,"url":"https:\/\/www.anamonro.si\/wp-content\/uploads\/2023\/03\/CirkVOST-ENSEMBLE_credit-photos-Cecile-Carlotti-2-1000.jpg","type":"image\/jpeg"}],"author":"Leja","twitter_card":"summary_large_image","twitter_misc":{"Written by":"Leja","Est. reading time":"1 minute"},"schema":{"@context":"https:\/\/schema.org","@graph":[{"@type":"Article","@id":"https:\/\/www.anamonro.si\/en\/ana-desetnica-will-travel-slovenia-again\/#article","isPartOf":{"@id":"https:\/\/www.anamonro.si\/en\/ana-desetnica-will-travel-slovenia-again\/"},"author":{"name":"Leja","@id":"https:\/\/www.anamonro.si\/#\/schema\/person\/fc0d2ae1f8f83c1e7293c54e0eb3ce38"},"headline":"ANA DESETNICA will travel Slovenia again!","datePublished":"2023-02-26T14:32:47+00:00","dateModified":"2023-03-30T13:46:14+00:00","mainEntityOfPage":{"@id":"https:\/\/www.anamonro.si\/en\/ana-desetnica-will-travel-slovenia-again\/"},"wordCount":58,"image":{"@id":"https:\/\/www.anamonro.si\/en\/ana-desetnica-will-travel-slovenia-again\/#primaryimage"},"thumbnailUrl":"https:\/\/www.anamonro.si\/wp-content\/uploads\/2023\/03\/CirkVOST-ENSEMBLE_credit-photos-Cecile-Carlotti-2-1000.jpg","articleSection":["Festivals"],"inLanguage":"en-US"},{"@type":"WebPage","@id":"https:\/\/www.anamonro.si\/en\/ana-desetnica-will-travel-slovenia-again\/","url":"https:\/\/www.anamonro.si\/en\/ana-desetnica-will-travel-slovenia-again\/","name":"ANA DESETNICA will travel Slovenia again! - Ana Monro","isPartOf":{"@id":"https:\/\/www.anamonro.si\/#website"},"primaryImageOfPage":{"@id":"https:\/\/www.anamonro.si\/en\/ana-desetnica-will-travel-slovenia-again\/#primaryimage"},"image":{"@id":"https:\/\/www.anamonro.si\/en\/ana-desetnica-will-travel-slovenia-again\/#primaryimage"},"thumbnailUrl":"https:\/\/www.anamonro.si\/wp-content\/uploads\/2023\/03\/CirkVOST-ENSEMBLE_credit-photos-Cecile-Carlotti-2-1000.jpg","datePublished":"2023-02-26T14:32:47+00:00","dateModified":"2023-03-30T13:46:14+00:00","author":{"@id":"https:\/\/www.anamonro.si\/#\/schema\/person\/fc0d2ae1f8f83c1e7293c54e0eb3ce38"},"description":"Gledali\u0161\u010de Ane Monro je osrednja uli\u010dno-gledali\u0161ka organizacija v Sloveniji, ki umetnikom nudi rast, krepitev in ne nazadnje tudi zaslu\u017eek.","breadcrumb":{"@id":"https:\/\/www.anamonro.si\/en\/ana-desetnica-will-travel-slovenia-again\/#breadcrumb"},"inLanguage":"en-US","potentialAction":[{"@type":"ReadAction","target":["https:\/\/www.anamonro.si\/en\/ana-desetnica-will-travel-slovenia-again\/"]}]},{"@type":"ImageObject","inLanguage":"en-US","@id":"https:\/\/www.anamonro.si\/en\/ana-desetnica-will-travel-slovenia-again\/#primaryimage","url":"https:\/\/www.anamonro.si\/wp-content\/uploads\/2023\/03\/CirkVOST-ENSEMBLE_credit-photos-Cecile-Carlotti-2-1000.jpg","contentUrl":"https:\/\/www.anamonro.si\/wp-content\/uploads\/2023\/03\/CirkVOST-ENSEMBLE_credit-photos-Cecile-Carlotti-2-1000.jpg","width":1000,"height":657,"caption":"Cirkvost Ensemble Cr\u00e9dit Photos C\u00e9cile Carlotti 2 1000"},{"@type":"BreadcrumbList","@id":"https:\/\/www.anamonro.si\/en\/ana-desetnica-will-travel-slovenia-again\/#breadcrumb","itemListElement":[{"@type":"ListItem","position":1,"name":"Home","item":"https:\/\/www.anamonro.si\/en\/"},{"@type":"ListItem","position":2,"name":"ANA DESETNICA will travel Slovenia again!"}]},{"@type":"WebSite","@id":"https:\/\/www.anamonro.si\/#website","url":"https:\/\/www.anamonro.si\/","name":"Ana Monro","description":"Uli\u010dno gledali\u0161\u010de","potentialAction":[{"@type":"SearchAction","target":{"@type":"EntryPoint","urlTemplate":"https:\/\/www.anamonro.si\/?s={search_term_string}"},"query-input":{"@type":"PropertyValueSpecification","valueRequired":true,"valueName":"search_term_string"}}],"inLanguage":"en-US"},{"@type":"Person","@id":"https:\/\/www.anamonro.si\/#\/schema\/person\/fc0d2ae1f8f83c1e7293c54e0eb3ce38","name":"Leja","image":{"@type":"ImageObject","inLanguage":"en-US","@id":"https:\/\/secure.gravatar.com\/avatar\/bb9d57fc2bf2035188b4e3d89e0036580d67d6a9975f98629d476ed14f557f5a?s=96&d=mm&r=g","url":"https:\/\/secure.gravatar.com\/avatar\/bb9d57fc2bf2035188b4e3d89e0036580d67d6a9975f98629d476ed14f557f5a?s=96&d=mm&r=g","contentUrl":"https:\/\/secure.gravatar.com\/avatar\/bb9d57fc2bf2035188b4e3d89e0036580d67d6a9975f98629d476ed14f557f5a?s=96&d=mm&r=g","caption":"Leja"},"url":"https:\/\/www.anamonro.si\/en\/author\/kocevskirog\/"}]}},"_links":{"self":[{"href":"https:\/\/www.anamonro.si\/en\/wp-json\/wp\/v2\/posts\/17850","targetHints":{"allow":["GET"]}}],"collection":[{"href":"https:\/\/www.anamonro.si\/en\/wp-json\/wp\/v2\/posts"}],"about":[{"href":"https:\/\/www.anamonro.si\/en\/wp-json\/wp\/v2\/types\/post"}],"author":[{"embeddable":true,"href":"https:\/\/www.anamonro.si\/en\/wp-json\/wp\/v2\/users\/2"}],"replies":[{"embeddable":true,"href":"https:\/\/www.anamonro.si\/en\/wp-json\/wp\/v2\/comments?post=17850"}],"version-history":[{"count":2,"href":"https:\/\/www.anamonro.si\/en\/wp-json\/wp\/v2\/posts\/17850\/revisions"}],"predecessor-version":[{"id":17852,"href":"https:\/\/www.anamonro.si\/en\/wp-json\/wp\/v2\/posts\/17850\/revisions\/17852"}],"wp:featuredmedia":[{"embeddable":true,"href":"https:\/\/www.anamonro.si\/en\/wp-json\/wp\/v2\/media\/17837"}],"wp:attachment":[{"href":"https:\/\/www.anamonro.si\/en\/wp-json\/wp\/v2\/media?parent=17850"}],"wp:term":[{"taxonomy":"category","embeddable":true,"href":"https:\/\/www.anamonro.si\/en\/wp-json\/wp\/v2\/categories?post=17850"},{"taxonomy":"post_tag","embeddable":true,"href":"https:\/\/www.anamonro.si\/en\/wp-json\/wp\/v2\/tags?post=17850"}],"curies":[{"name":"wp","href":"https:\/\/api.w.org\/{rel}","templated":true}]}}